{"id":785,"date":"2026-01-01T13:17:48","date_gmt":"2026-01-01T16:17:48","guid":{"rendered":"https:\/\/yrigoyen.uno\/index.php\/2026\/01\/01\/balance-de-gestion-y-obras-el-intendente-felix-valois-lopez-destaco-avances-y-agradecio-el-acompanamiento-de-la-comunidad\/"},"modified":"2026-01-01T13:17:48","modified_gmt":"2026-01-01T16:17:48","slug":"balance-de-gestion-y-obras-el-intendente-felix-valois-lopez-destaco-avances-y-agradecio-el-acompanamiento-de-la-comunidad","status":"publish","type":"post","link":"https:\/\/yrigoyen.uno\/index.php\/2026\/01\/01\/balance-de-gestion-y-obras-el-intendente-felix-valois-lopez-destaco-avances-y-agradecio-el-acompanamiento-de-la-comunidad\/","title":{"rendered":"Balance de gesti\u00f3n y obras: el intendente F\u00e9lix Valois L\u00f3pez destac\u00f3 avances y agradeci\u00f3 el acompa\u00f1amiento de la comunidad"},"content":{"rendered":"<div>\n<p><!--StartFragment --><\/p>\n<p><strong>MISIONES.UNO \u2013 En Hip\u00f3lito Yrigoyen, el intendente F\u00e9lix Valois L\u00f3pez realiz\u00f3 un repaso de las acciones desarrolladas durante el 2025, resaltando obras p\u00fablicas, asistencia social y eventos comunitarios que marcaron el a\u00f1o, adem\u00e1s de enviar un mensaje de buenos deseos a los vecinos por el inicio del 2026.<\/strong><\/p>\n<hr>\n<p>El jefe comunal de Hip\u00f3lito Yrigoyen, F\u00e9lix Valois L\u00f3pez, present\u00f3 el balance de gesti\u00f3n del a\u00f1o 2025, subrayando que, pese a las dificultades econ\u00f3micas, se lograron cumplir los compromisos asumidos y avanzar en proyectos clave para la localidad.<\/p>\n<p>Entre las obras destacadas, mencion\u00f3 el convenio con el IProDa para la pavimentaci\u00f3n de la avenida Juan Pablo II, donde se contin\u00faa trabajando en los \u00faltimos tramos. Asimismo, se\u00f1al\u00f3 que el municipio recibi\u00f3 parte del Fondo Vial de la Provincia, lo que permiti\u00f3 sostener el mantenimiento de caminos rurales mediante perfilado y entoscado, fundamentales para las colonias de la zona.<\/p>\n<p>El intendente tambi\u00e9n record\u00f3 incidentes ocurridos durante el a\u00f1o, como incendios en viviendas familiares, que fueron atendidos con rapidez, y resalt\u00f3 la asistencia brindada a personas con enfermedades graves, garantizando medicamentos y acompa\u00f1amiento.<\/p>\n<p>En el plano social, Valois L\u00f3pez destac\u00f3 la realizaci\u00f3n de la segunda edici\u00f3n de la Fiesta Provincial de la Alegr\u00eda, que reuni\u00f3 a un polideportivo colmado de p\u00fablico y se consolid\u00f3 como un evento de relevancia para la comunidad y la provincia. En este sentido, agradeci\u00f3 especialmente el apoyo de la ex diputada Mabel C\u00e1ceres, de la Code\u00edn y del gobernador de Misiones, quienes colaboraron para que la localidad pudiera concretar sus proyectos.<\/p>\n<p>Otro de los logros se\u00f1alados fue la culminaci\u00f3n de la refacci\u00f3n, ampliaci\u00f3n y construcci\u00f3n del NENI, que ahora cuenta con nuevas instalaciones sanitarias, cocina, polideportivo y espacios renovados para docentes y alumnos. La obra, impulsada por la vicegobernaci\u00f3n y el gobierno provincial, fue considerada un avance significativo para la educaci\u00f3n en la localidad.<\/p>\n<p>Finalmente, el intendente transmiti\u00f3 un mensaje de gratitud y buenos deseos a los vecinos de Hip\u00f3lito Yrigoyen, deseando que el 2026 traiga mejoras en la situaci\u00f3n econ\u00f3mica, salud y trabajo para toda la comunidad.<!--EndFragment --><\/p>\n<\/div>\n","protected":false},"excerpt":{"rendered":"<p>MISIONES.UNO \u2013 En Hip\u00f3lito Yrigoyen, el intendente F\u00e9lix Valois L\u00f3pez  [&#8230;]<\/p>\n","protected":false},"author":1,"featured_media":786,"comment_status":"closed","ping_status":"closed","sticky":false,"template":"","format":"standard","meta":{"fifu_image_url":"","fifu_image_alt":"","footnotes":""},"categories":[111,6,19],"tags":[],"class_list":["post-785","post","type-post","status-publish","format-standard","has-post-thumbnail","hentry","category-h-yrigoyen","category-misiones-uno","category-sociedad"],"acf":[],"yoast_head":"<!-- This site is optimized with the Yoast SEO plugin v26.9 - https:\/\/yoast.com\/product\/yoast-seo-wordpress\/ -->\n<title>Balance de gesti\u00f3n y obras: el intendente F\u00e9lix Valois L\u00f3pez destac\u00f3 avances y agradeci\u00f3 el acompa\u00f1amiento de la comunidad - Hip\u00f3lito Yrigoyen .UNO - Red Misiones.uno<\/title>\n<meta name=\"robots\" content=\"index, follow, max-snippet:-1, max-image-preview:large, max-video-preview:-1\" \/>\n<link rel=\"canonical\" href=\"https:\/\/yrigoyen.uno\/index.php\/2026\/01\/01\/balance-de-gestion-y-obras-el-intendente-felix-valois-lopez-destaco-avances-y-agradecio-el-acompanamiento-de-la-comunidad\/\" \/>\n<meta property=\"og:locale\" content=\"es_ES\" \/>\n<meta property=\"og:type\" content=\"article\" \/>\n<meta property=\"og:title\" content=\"Balance de gesti\u00f3n y obras: el intendente F\u00e9lix Valois L\u00f3pez destac\u00f3 avances y agradeci\u00f3 el acompa\u00f1amiento de la comunidad - Hip\u00f3lito Yrigoyen .UNO - Red Misiones.uno\" \/>\n<meta property=\"og:description\" content=\"MISIONES.UNO \u2013 En Hip\u00f3lito Yrigoyen, el intendente F\u00e9lix Valois L\u00f3pez [...]\" \/>\n<meta property=\"og:url\" content=\"https:\/\/yrigoyen.uno\/index.php\/2026\/01\/01\/balance-de-gestion-y-obras-el-intendente-felix-valois-lopez-destaco-avances-y-agradecio-el-acompanamiento-de-la-comunidad\/\" \/>\n<meta property=\"og:site_name\" content=\"Hip\u00f3lito Yrigoyen .UNO - Red Misiones.uno\" \/>\n<meta property=\"article:published_time\" content=\"2026-01-01T16:17:48+00:00\" \/>\n<meta name=\"author\" content=\"admin\" \/>\n<meta name=\"twitter:card\" content=\"summary_large_image\" \/>\n<meta name=\"twitter:label1\" content=\"Escrito por\" \/>\n\t<meta name=\"twitter:data1\" content=\"admin\" \/>\n\t<meta name=\"twitter:label2\" content=\"Tiempo de lectura\" \/>\n\t<meta name=\"twitter:data2\" content=\"2 minutos\" \/>\n<script type=\"application\/ld+json\" class=\"yoast-schema-graph\">{\"@context\":\"https:\/\/schema.org\",\"@graph\":[{\"@type\":\"Article\",\"@id\":\"https:\/\/yrigoyen.uno\/index.php\/2026\/01\/01\/balance-de-gestion-y-obras-el-intendente-felix-valois-lopez-destaco-avances-y-agradecio-el-acompanamiento-de-la-comunidad\/#article\",\"isPartOf\":{\"@id\":\"https:\/\/yrigoyen.uno\/index.php\/2026\/01\/01\/balance-de-gestion-y-obras-el-intendente-felix-valois-lopez-destaco-avances-y-agradecio-el-acompanamiento-de-la-comunidad\/\"},\"author\":{\"name\":\"admin\",\"@id\":\"https:\/\/yrigoyen.uno\/#\/schema\/person\/49c82eb5efe3874840bdd689cbcea650\"},\"headline\":\"Balance de gesti\u00f3n y obras: el intendente F\u00e9lix Valois L\u00f3pez destac\u00f3 avances y agradeci\u00f3 el acompa\u00f1amiento de la comunidad\",\"datePublished\":\"2026-01-01T16:17:48+00:00\",\"mainEntityOfPage\":{\"@id\":\"https:\/\/yrigoyen.uno\/index.php\/2026\/01\/01\/balance-de-gestion-y-obras-el-intendente-felix-valois-lopez-destaco-avances-y-agradecio-el-acompanamiento-de-la-comunidad\/\"},\"wordCount\":393,\"image\":{\"@id\":\"https:\/\/yrigoyen.uno\/index.php\/2026\/01\/01\/balance-de-gestion-y-obras-el-intendente-felix-valois-lopez-destaco-avances-y-agradecio-el-acompanamiento-de-la-comunidad\/#primaryimage\"},\"thumbnailUrl\":\"https:\/\/yrigoyen.uno\/wp-content\/uploads\/2026\/02\/MUNICIPALES-1.jpg\",\"articleSection\":[\"H. Yrigoyen\",\"MISIONES.UNO\",\"Sociedad\"],\"inLanguage\":\"es-AR\"},{\"@type\":\"WebPage\",\"@id\":\"https:\/\/yrigoyen.uno\/index.php\/2026\/01\/01\/balance-de-gestion-y-obras-el-intendente-felix-valois-lopez-destaco-avances-y-agradecio-el-acompanamiento-de-la-comunidad\/\",\"url\":\"https:\/\/yrigoyen.uno\/index.php\/2026\/01\/01\/balance-de-gestion-y-obras-el-intendente-felix-valois-lopez-destaco-avances-y-agradecio-el-acompanamiento-de-la-comunidad\/\",\"name\":\"Balance de gesti\u00f3n y obras: el intendente F\u00e9lix Valois L\u00f3pez destac\u00f3 avances y agradeci\u00f3 el acompa\u00f1amiento de la comunidad - Hip\u00f3lito Yrigoyen .UNO - Red Misiones.uno\",\"isPartOf\":{\"@id\":\"https:\/\/yrigoyen.uno\/#website\"},\"primaryImageOfPage\":{\"@id\":\"https:\/\/yrigoyen.uno\/index.php\/2026\/01\/01\/balance-de-gestion-y-obras-el-intendente-felix-valois-lopez-destaco-avances-y-agradecio-el-acompanamiento-de-la-comunidad\/#primaryimage\"},\"image\":{\"@id\":\"https:\/\/yrigoyen.uno\/index.php\/2026\/01\/01\/balance-de-gestion-y-obras-el-intendente-felix-valois-lopez-destaco-avances-y-agradecio-el-acompanamiento-de-la-comunidad\/#primaryimage\"},\"thumbnailUrl\":\"https:\/\/yrigoyen.uno\/wp-content\/uploads\/2026\/02\/MUNICIPALES-1.jpg\",\"datePublished\":\"2026-01-01T16:17:48+00:00\",\"author\":{\"@id\":\"https:\/\/yrigoyen.uno\/#\/schema\/person\/49c82eb5efe3874840bdd689cbcea650\"},\"breadcrumb\":{\"@id\":\"https:\/\/yrigoyen.uno\/index.php\/2026\/01\/01\/balance-de-gestion-y-obras-el-intendente-felix-valois-lopez-destaco-avances-y-agradecio-el-acompanamiento-de-la-comunidad\/#breadcrumb\"},\"inLanguage\":\"es-AR\",\"potentialAction\":[{\"@type\":\"ReadAction\",\"target\":[\"https:\/\/yrigoyen.uno\/index.php\/2026\/01\/01\/balance-de-gestion-y-obras-el-intendente-felix-valois-lopez-destaco-avances-y-agradecio-el-acompanamiento-de-la-comunidad\/\"]}]},{\"@type\":\"ImageObject\",\"inLanguage\":\"es-AR\",\"@id\":\"https:\/\/yrigoyen.uno\/index.php\/2026\/01\/01\/balance-de-gestion-y-obras-el-intendente-felix-valois-lopez-destaco-avances-y-agradecio-el-acompanamiento-de-la-comunidad\/#primaryimage\",\"url\":\"https:\/\/yrigoyen.uno\/wp-content\/uploads\/2026\/02\/MUNICIPALES-1.jpg\",\"contentUrl\":\"https:\/\/yrigoyen.uno\/wp-content\/uploads\/2026\/02\/MUNICIPALES-1.jpg\",\"width\":640,\"height\":800},{\"@type\":\"BreadcrumbList\",\"@id\":\"https:\/\/yrigoyen.uno\/index.php\/2026\/01\/01\/balance-de-gestion-y-obras-el-intendente-felix-valois-lopez-destaco-avances-y-agradecio-el-acompanamiento-de-la-comunidad\/#breadcrumb\",\"itemListElement\":[{\"@type\":\"ListItem\",\"position\":1,\"name\":\"Inicio\",\"item\":\"https:\/\/yrigoyen.uno\/\"},{\"@type\":\"ListItem\",\"position\":2,\"name\":\"Balance de gesti\u00f3n y obras: el intendente F\u00e9lix Valois L\u00f3pez destac\u00f3 avances y agradeci\u00f3 el acompa\u00f1amiento de la comunidad\"}]},{\"@type\":\"WebSite\",\"@id\":\"https:\/\/yrigoyen.uno\/#website\",\"url\":\"https:\/\/yrigoyen.uno\/\",\"name\":\"Hip\u00f3lito Yrigoyen .UNO - Red Misiones.uno\",\"description\":\"Noticias de Hip\u00f3lito Yrigoyen\",\"potentialAction\":[{\"@type\":\"SearchAction\",\"target\":{\"@type\":\"EntryPoint\",\"urlTemplate\":\"https:\/\/yrigoyen.uno\/?s={search_term_string}\"},\"query-input\":{\"@type\":\"PropertyValueSpecification\",\"valueRequired\":true,\"valueName\":\"search_term_string\"}}],\"inLanguage\":\"es-AR\"},{\"@type\":\"Person\",\"@id\":\"https:\/\/yrigoyen.uno\/#\/schema\/person\/49c82eb5efe3874840bdd689cbcea650\",\"name\":\"admin\",\"image\":{\"@type\":\"ImageObject\",\"inLanguage\":\"es-AR\",\"@id\":\"https:\/\/yrigoyen.uno\/#\/schema\/person\/image\/\",\"url\":\"https:\/\/secure.gravatar.com\/avatar\/988cc68d97727f2265e15e4e04f35d45d93f5493d81192c37b6fcdf6407dba8c?s=96&d=mm&r=g\",\"contentUrl\":\"https:\/\/secure.gravatar.com\/avatar\/988cc68d97727f2265e15e4e04f35d45d93f5493d81192c37b6fcdf6407dba8c?s=96&d=mm&r=g\",\"caption\":\"admin\"},\"sameAs\":[\"http:\/\/yrigoyen.uno\"],\"url\":\"https:\/\/yrigoyen.uno\/index.php\/author\/admin\/\"}]}<\/script>\n<!-- \/ Yoast SEO plugin. -->","yoast_head_json":{"title":"Balance de gesti\u00f3n y obras: el intendente F\u00e9lix Valois L\u00f3pez destac\u00f3 avances y agradeci\u00f3 el acompa\u00f1amiento de la comunidad - Hip\u00f3lito Yrigoyen .UNO - Red Misiones.uno","robots":{"index":"index","follow":"follow","max-snippet":"max-snippet:-1","max-image-preview":"max-image-preview:large","max-video-preview":"max-video-preview:-1"},"canonical":"https:\/\/yrigoyen.uno\/index.php\/2026\/01\/01\/balance-de-gestion-y-obras-el-intendente-felix-valois-lopez-destaco-avances-y-agradecio-el-acompanamiento-de-la-comunidad\/","og_locale":"es_ES","og_type":"article","og_title":"Balance de gesti\u00f3n y obras: el intendente F\u00e9lix Valois L\u00f3pez destac\u00f3 avances y agradeci\u00f3 el acompa\u00f1amiento de la comunidad - Hip\u00f3lito Yrigoyen .UNO - Red Misiones.uno","og_description":"MISIONES.UNO \u2013 En Hip\u00f3lito Yrigoyen, el intendente F\u00e9lix Valois L\u00f3pez [...]","og_url":"https:\/\/yrigoyen.uno\/index.php\/2026\/01\/01\/balance-de-gestion-y-obras-el-intendente-felix-valois-lopez-destaco-avances-y-agradecio-el-acompanamiento-de-la-comunidad\/","og_site_name":"Hip\u00f3lito Yrigoyen .UNO - Red Misiones.uno","article_published_time":"2026-01-01T16:17:48+00:00","author":"admin","twitter_card":"summary_large_image","twitter_misc":{"Escrito por":"admin","Tiempo de lectura":"2 minutos"},"schema":{"@context":"https:\/\/schema.org","@graph":[{"@type":"Article","@id":"https:\/\/yrigoyen.uno\/index.php\/2026\/01\/01\/balance-de-gestion-y-obras-el-intendente-felix-valois-lopez-destaco-avances-y-agradecio-el-acompanamiento-de-la-comunidad\/#article","isPartOf":{"@id":"https:\/\/yrigoyen.uno\/index.php\/2026\/01\/01\/balance-de-gestion-y-obras-el-intendente-felix-valois-lopez-destaco-avances-y-agradecio-el-acompanamiento-de-la-comunidad\/"},"author":{"name":"admin","@id":"https:\/\/yrigoyen.uno\/#\/schema\/person\/49c82eb5efe3874840bdd689cbcea650"},"headline":"Balance de gesti\u00f3n y obras: el intendente F\u00e9lix Valois L\u00f3pez destac\u00f3 avances y agradeci\u00f3 el acompa\u00f1amiento de la comunidad","datePublished":"2026-01-01T16:17:48+00:00","mainEntityOfPage":{"@id":"https:\/\/yrigoyen.uno\/index.php\/2026\/01\/01\/balance-de-gestion-y-obras-el-intendente-felix-valois-lopez-destaco-avances-y-agradecio-el-acompanamiento-de-la-comunidad\/"},"wordCount":393,"image":{"@id":"https:\/\/yrigoyen.uno\/index.php\/2026\/01\/01\/balance-de-gestion-y-obras-el-intendente-felix-valois-lopez-destaco-avances-y-agradecio-el-acompanamiento-de-la-comunidad\/#primaryimage"},"thumbnailUrl":"https:\/\/yrigoyen.uno\/wp-content\/uploads\/2026\/02\/MUNICIPALES-1.jpg","articleSection":["H. Yrigoyen","MISIONES.UNO","Sociedad"],"inLanguage":"es-AR"},{"@type":"WebPage","@id":"https:\/\/yrigoyen.uno\/index.php\/2026\/01\/01\/balance-de-gestion-y-obras-el-intendente-felix-valois-lopez-destaco-avances-y-agradecio-el-acompanamiento-de-la-comunidad\/","url":"https:\/\/yrigoyen.uno\/index.php\/2026\/01\/01\/balance-de-gestion-y-obras-el-intendente-felix-valois-lopez-destaco-avances-y-agradecio-el-acompanamiento-de-la-comunidad\/","name":"Balance de gesti\u00f3n y obras: el intendente F\u00e9lix Valois L\u00f3pez destac\u00f3 avances y agradeci\u00f3 el acompa\u00f1amiento de la comunidad - Hip\u00f3lito Yrigoyen .UNO - Red Misiones.uno","isPartOf":{"@id":"https:\/\/yrigoyen.uno\/#website"},"primaryImageOfPage":{"@id":"https:\/\/yrigoyen.uno\/index.php\/2026\/01\/01\/balance-de-gestion-y-obras-el-intendente-felix-valois-lopez-destaco-avances-y-agradecio-el-acompanamiento-de-la-comunidad\/#primaryimage"},"image":{"@id":"https:\/\/yrigoyen.uno\/index.php\/2026\/01\/01\/balance-de-gestion-y-obras-el-intendente-felix-valois-lopez-destaco-avances-y-agradecio-el-acompanamiento-de-la-comunidad\/#primaryimage"},"thumbnailUrl":"https:\/\/yrigoyen.uno\/wp-content\/uploads\/2026\/02\/MUNICIPALES-1.jpg","datePublished":"2026-01-01T16:17:48+00:00","author":{"@id":"https:\/\/yrigoyen.uno\/#\/schema\/person\/49c82eb5efe3874840bdd689cbcea650"},"breadcrumb":{"@id":"https:\/\/yrigoyen.uno\/index.php\/2026\/01\/01\/balance-de-gestion-y-obras-el-intendente-felix-valois-lopez-destaco-avances-y-agradecio-el-acompanamiento-de-la-comunidad\/#breadcrumb"},"inLanguage":"es-AR","potentialAction":[{"@type":"ReadAction","target":["https:\/\/yrigoyen.uno\/index.php\/2026\/01\/01\/balance-de-gestion-y-obras-el-intendente-felix-valois-lopez-destaco-avances-y-agradecio-el-acompanamiento-de-la-comunidad\/"]}]},{"@type":"ImageObject","inLanguage":"es-AR","@id":"https:\/\/yrigoyen.uno\/index.php\/2026\/01\/01\/balance-de-gestion-y-obras-el-intendente-felix-valois-lopez-destaco-avances-y-agradecio-el-acompanamiento-de-la-comunidad\/#primaryimage","url":"https:\/\/yrigoyen.uno\/wp-content\/uploads\/2026\/02\/MUNICIPALES-1.jpg","contentUrl":"https:\/\/yrigoyen.uno\/wp-content\/uploads\/2026\/02\/MUNICIPALES-1.jpg","width":640,"height":800},{"@type":"BreadcrumbList","@id":"https:\/\/yrigoyen.uno\/index.php\/2026\/01\/01\/balance-de-gestion-y-obras-el-intendente-felix-valois-lopez-destaco-avances-y-agradecio-el-acompanamiento-de-la-comunidad\/#breadcrumb","itemListElement":[{"@type":"ListItem","position":1,"name":"Inicio","item":"https:\/\/yrigoyen.uno\/"},{"@type":"ListItem","position":2,"name":"Balance de gesti\u00f3n y obras: el intendente F\u00e9lix Valois L\u00f3pez destac\u00f3 avances y agradeci\u00f3 el acompa\u00f1amiento de la comunidad"}]},{"@type":"WebSite","@id":"https:\/\/yrigoyen.uno\/#website","url":"https:\/\/yrigoyen.uno\/","name":"Hip\u00f3lito Yrigoyen .UNO - Red Misiones.uno","description":"Noticias de Hip\u00f3lito Yrigoyen","potentialAction":[{"@type":"SearchAction","target":{"@type":"EntryPoint","urlTemplate":"https:\/\/yrigoyen.uno\/?s={search_term_string}"},"query-input":{"@type":"PropertyValueSpecification","valueRequired":true,"valueName":"search_term_string"}}],"inLanguage":"es-AR"},{"@type":"Person","@id":"https:\/\/yrigoyen.uno\/#\/schema\/person\/49c82eb5efe3874840bdd689cbcea650","name":"admin","image":{"@type":"ImageObject","inLanguage":"es-AR","@id":"https:\/\/yrigoyen.uno\/#\/schema\/person\/image\/","url":"https:\/\/secure.gravatar.com\/avatar\/988cc68d97727f2265e15e4e04f35d45d93f5493d81192c37b6fcdf6407dba8c?s=96&d=mm&r=g","contentUrl":"https:\/\/secure.gravatar.com\/avatar\/988cc68d97727f2265e15e4e04f35d45d93f5493d81192c37b6fcdf6407dba8c?s=96&d=mm&r=g","caption":"admin"},"sameAs":["http:\/\/yrigoyen.uno"],"url":"https:\/\/yrigoyen.uno\/index.php\/author\/admin\/"}]}},"_links":{"self":[{"href":"https:\/\/yrigoyen.uno\/index.php\/wp-json\/wp\/v2\/posts\/785","targetHints":{"allow":["GET"]}}],"collection":[{"href":"https:\/\/yrigoyen.uno\/index.php\/wp-json\/wp\/v2\/posts"}],"about":[{"href":"https:\/\/yrigoyen.uno\/index.php\/wp-json\/wp\/v2\/types\/post"}],"author":[{"embeddable":true,"href":"https:\/\/yrigoyen.uno\/index.php\/wp-json\/wp\/v2\/users\/1"}],"replies":[{"embeddable":true,"href":"https:\/\/yrigoyen.uno\/index.php\/wp-json\/wp\/v2\/comments?post=785"}],"version-history":[{"count":0,"href":"https:\/\/yrigoyen.uno\/index.php\/wp-json\/wp\/v2\/posts\/785\/revisions"}],"wp:featuredmedia":[{"embeddable":true,"href":"https:\/\/yrigoyen.uno\/index.php\/wp-json\/wp\/v2\/media\/786"}],"wp:attachment":[{"href":"https:\/\/yrigoyen.uno\/index.php\/wp-json\/wp\/v2\/media?parent=785"}],"wp:term":[{"taxonomy":"category","embeddable":true,"href":"https:\/\/yrigoyen.uno\/index.php\/wp-json\/wp\/v2\/categories?post=785"},{"taxonomy":"post_tag","embeddable":true,"href":"https:\/\/yrigoyen.uno\/index.php\/wp-json\/wp\/v2\/tags?post=785"}],"curies":[{"name":"wp","href":"https:\/\/api.w.org\/{rel}","templated":true}]}}