{"id":830,"date":"2026-02-08T15:02:59","date_gmt":"2026-02-08T18:02:59","guid":{"rendered":"https:\/\/yrigoyen.uno\/index.php\/2026\/02\/08\/hipolito-yrigoyen-inauguracion-del-nuevo-edificio-del-neni-2126-ext-esc-n-263\/"},"modified":"2026-02-08T15:02:59","modified_gmt":"2026-02-08T18:02:59","slug":"hipolito-yrigoyen-inauguracion-del-nuevo-edificio-del-neni-2126-ext-esc-n-263","status":"publish","type":"post","link":"https:\/\/yrigoyen.uno\/index.php\/2026\/02\/08\/hipolito-yrigoyen-inauguracion-del-nuevo-edificio-del-neni-2126-ext-esc-n-263\/","title":{"rendered":"HIP\u00d3LITO YRIGOYEN: Inauguraci\u00f3n del nuevo edificio del NENI 2126 Ext. Esc. N\u00b0 263"},"content":{"rendered":"<div>\n<p>MISIONES.UNO | La comunidad de Hip\u00f3lito Yrigoyen celebr\u00f3 la inauguraci\u00f3n del nuevo edificio del NENI 2126, extensi\u00f3n de la Escuela N\u00b0 263, en un acto que cont\u00f3 con la presencia del intendente F\u00e9lix L\u00f3pez, concejales y vecinos. La entrega de la placa conmemorativa marc\u00f3 un hito en el compromiso local con la educaci\u00f3n inicial.<\/p>\n<hr>\n<p>En la localidad de Hip\u00f3lito Yrigoyen se llev\u00f3 a cabo la inauguraci\u00f3n oficial del moderno edificio destinado al N\u00facleo Educativo de Nivel Inicial (NENI) 2126, extensi\u00f3n de la Escuela N\u00b0 263. El acto cont\u00f3 con la presencia del intendente F\u00e9lix L\u00f3pez, concejales y numerosos vecinos que se acercaron para acompa\u00f1ar este acontecimiento de gran relevancia para la comunidad educativa.<\/p>\n<p>Durante la ceremonia se realiz\u00f3 la entrega de una placa conmemorativa, s\u00edmbolo del esfuerzo conjunto y del compromiso con la educaci\u00f3n de la primera infancia. Autoridades locales destacaron la importancia de contar con un espacio renovado y adecuado para el desarrollo de los ni\u00f1os, subrayando que la obra representa un avance significativo en materia de infraestructura escolar.<\/p>\n<p>El nuevo edificio del NENI 2126 permitir\u00e1 mejorar las condiciones de ense\u00f1anza y aprendizaje, ofreciendo ambientes m\u00e1s seguros y confortables. La comunidad celebr\u00f3 con entusiasmo la apertura de este espacio, que se convierte en un punto de referencia para la educaci\u00f3n inicial en la zona.<\/p>\n<p>La jornada estuvo marcada por un clima de alegr\u00eda y reconocimiento hacia quienes hicieron posible la concreci\u00f3n del proyecto. Con este paso, Hip\u00f3lito Yrigoyen reafirma su compromiso con la educaci\u00f3n y el bienestar de las futuras generaciones.<\/p>\n<\/div>\n","protected":false},"excerpt":{"rendered":"<p>MISIONES.UNO | La comunidad de Hip\u00f3lito Yrigoyen celebr\u00f3 la inauguraci\u00f3n  [&#8230;]<\/p>\n","protected":false},"author":1,"featured_media":831,"comment_status":"closed","ping_status":"closed","sticky":false,"template":"","format":"standard","meta":{"fifu_image_url":"","fifu_image_alt":"","footnotes":""},"categories":[4,111],"tags":[],"class_list":["post-830","post","type-post","status-publish","format-standard","has-post-thumbnail","hentry","category-educacion","category-h-yrigoyen"],"acf":[],"yoast_head":"<!-- This site is optimized with the Yoast SEO plugin v26.9 - https:\/\/yoast.com\/product\/yoast-seo-wordpress\/ -->\n<title>HIP\u00d3LITO YRIGOYEN: Inauguraci\u00f3n del nuevo edificio del NENI 2126 Ext. Esc. N\u00b0 263 - Hip\u00f3lito Yrigoyen .UNO - Red Misiones.uno<\/title>\n<meta name=\"robots\" content=\"index, follow, max-snippet:-1, max-image-preview:large, max-video-preview:-1\" \/>\n<link rel=\"canonical\" href=\"https:\/\/yrigoyen.uno\/index.php\/2026\/02\/08\/hipolito-yrigoyen-inauguracion-del-nuevo-edificio-del-neni-2126-ext-esc-n-263\/\" \/>\n<meta property=\"og:locale\" content=\"es_ES\" \/>\n<meta property=\"og:type\" content=\"article\" \/>\n<meta property=\"og:title\" content=\"HIP\u00d3LITO YRIGOYEN: Inauguraci\u00f3n del nuevo edificio del NENI 2126 Ext. Esc. N\u00b0 263 - Hip\u00f3lito Yrigoyen .UNO - Red Misiones.uno\" \/>\n<meta property=\"og:description\" content=\"MISIONES.UNO | La comunidad de Hip\u00f3lito Yrigoyen celebr\u00f3 la inauguraci\u00f3n [...]\" \/>\n<meta property=\"og:url\" content=\"https:\/\/yrigoyen.uno\/index.php\/2026\/02\/08\/hipolito-yrigoyen-inauguracion-del-nuevo-edificio-del-neni-2126-ext-esc-n-263\/\" \/>\n<meta property=\"og:site_name\" content=\"Hip\u00f3lito Yrigoyen .UNO - Red Misiones.uno\" \/>\n<meta property=\"article:published_time\" content=\"2026-02-08T18:02:59+00:00\" \/>\n<meta name=\"author\" content=\"admin\" \/>\n<meta name=\"twitter:card\" content=\"summary_large_image\" \/>\n<meta name=\"twitter:label1\" content=\"Escrito por\" \/>\n\t<meta name=\"twitter:data1\" content=\"admin\" \/>\n\t<meta name=\"twitter:label2\" content=\"Tiempo de lectura\" \/>\n\t<meta name=\"twitter:data2\" content=\"1 minuto\" \/>\n<script type=\"application\/ld+json\" class=\"yoast-schema-graph\">{\"@context\":\"https:\/\/schema.org\",\"@graph\":[{\"@type\":\"Article\",\"@id\":\"https:\/\/yrigoyen.uno\/index.php\/2026\/02\/08\/hipolito-yrigoyen-inauguracion-del-nuevo-edificio-del-neni-2126-ext-esc-n-263\/#article\",\"isPartOf\":{\"@id\":\"https:\/\/yrigoyen.uno\/index.php\/2026\/02\/08\/hipolito-yrigoyen-inauguracion-del-nuevo-edificio-del-neni-2126-ext-esc-n-263\/\"},\"author\":{\"name\":\"admin\",\"@id\":\"https:\/\/yrigoyen.uno\/#\/schema\/person\/49c82eb5efe3874840bdd689cbcea650\"},\"headline\":\"HIP\u00d3LITO YRIGOYEN: Inauguraci\u00f3n del nuevo edificio del NENI 2126 Ext. Esc. N\u00b0 263\",\"datePublished\":\"2026-02-08T18:02:59+00:00\",\"mainEntityOfPage\":{\"@id\":\"https:\/\/yrigoyen.uno\/index.php\/2026\/02\/08\/hipolito-yrigoyen-inauguracion-del-nuevo-edificio-del-neni-2126-ext-esc-n-263\/\"},\"wordCount\":283,\"image\":{\"@id\":\"https:\/\/yrigoyen.uno\/index.php\/2026\/02\/08\/hipolito-yrigoyen-inauguracion-del-nuevo-edificio-del-neni-2126-ext-esc-n-263\/#primaryimage\"},\"thumbnailUrl\":\"https:\/\/yrigoyen.uno\/wp-content\/uploads\/2026\/02\/MASTER-FOTO-ESC.jpg\",\"articleSection\":[\"Educaci\u00f3n\",\"H. Yrigoyen\"],\"inLanguage\":\"es-AR\"},{\"@type\":\"WebPage\",\"@id\":\"https:\/\/yrigoyen.uno\/index.php\/2026\/02\/08\/hipolito-yrigoyen-inauguracion-del-nuevo-edificio-del-neni-2126-ext-esc-n-263\/\",\"url\":\"https:\/\/yrigoyen.uno\/index.php\/2026\/02\/08\/hipolito-yrigoyen-inauguracion-del-nuevo-edificio-del-neni-2126-ext-esc-n-263\/\",\"name\":\"HIP\u00d3LITO YRIGOYEN: Inauguraci\u00f3n del nuevo edificio del NENI 2126 Ext. Esc. N\u00b0 263 - Hip\u00f3lito Yrigoyen .UNO - Red Misiones.uno\",\"isPartOf\":{\"@id\":\"https:\/\/yrigoyen.uno\/#website\"},\"primaryImageOfPage\":{\"@id\":\"https:\/\/yrigoyen.uno\/index.php\/2026\/02\/08\/hipolito-yrigoyen-inauguracion-del-nuevo-edificio-del-neni-2126-ext-esc-n-263\/#primaryimage\"},\"image\":{\"@id\":\"https:\/\/yrigoyen.uno\/index.php\/2026\/02\/08\/hipolito-yrigoyen-inauguracion-del-nuevo-edificio-del-neni-2126-ext-esc-n-263\/#primaryimage\"},\"thumbnailUrl\":\"https:\/\/yrigoyen.uno\/wp-content\/uploads\/2026\/02\/MASTER-FOTO-ESC.jpg\",\"datePublished\":\"2026-02-08T18:02:59+00:00\",\"author\":{\"@id\":\"https:\/\/yrigoyen.uno\/#\/schema\/person\/49c82eb5efe3874840bdd689cbcea650\"},\"breadcrumb\":{\"@id\":\"https:\/\/yrigoyen.uno\/index.php\/2026\/02\/08\/hipolito-yrigoyen-inauguracion-del-nuevo-edificio-del-neni-2126-ext-esc-n-263\/#breadcrumb\"},\"inLanguage\":\"es-AR\",\"potentialAction\":[{\"@type\":\"ReadAction\",\"target\":[\"https:\/\/yrigoyen.uno\/index.php\/2026\/02\/08\/hipolito-yrigoyen-inauguracion-del-nuevo-edificio-del-neni-2126-ext-esc-n-263\/\"]}]},{\"@type\":\"ImageObject\",\"inLanguage\":\"es-AR\",\"@id\":\"https:\/\/yrigoyen.uno\/index.php\/2026\/02\/08\/hipolito-yrigoyen-inauguracion-del-nuevo-edificio-del-neni-2126-ext-esc-n-263\/#primaryimage\",\"url\":\"https:\/\/yrigoyen.uno\/wp-content\/uploads\/2026\/02\/MASTER-FOTO-ESC.jpg\",\"contentUrl\":\"https:\/\/yrigoyen.uno\/wp-content\/uploads\/2026\/02\/MASTER-FOTO-ESC.jpg\",\"width\":640,\"height\":800},{\"@type\":\"BreadcrumbList\",\"@id\":\"https:\/\/yrigoyen.uno\/index.php\/2026\/02\/08\/hipolito-yrigoyen-inauguracion-del-nuevo-edificio-del-neni-2126-ext-esc-n-263\/#breadcrumb\",\"itemListElement\":[{\"@type\":\"ListItem\",\"position\":1,\"name\":\"Inicio\",\"item\":\"https:\/\/yrigoyen.uno\/\"},{\"@type\":\"ListItem\",\"position\":2,\"name\":\"HIP\u00d3LITO YRIGOYEN: Inauguraci\u00f3n del nuevo edificio del NENI 2126 Ext. Esc. N\u00b0 263\"}]},{\"@type\":\"WebSite\",\"@id\":\"https:\/\/yrigoyen.uno\/#website\",\"url\":\"https:\/\/yrigoyen.uno\/\",\"name\":\"Hip\u00f3lito Yrigoyen .UNO - Red Misiones.uno\",\"description\":\"Noticias de Hip\u00f3lito Yrigoyen\",\"potentialAction\":[{\"@type\":\"SearchAction\",\"target\":{\"@type\":\"EntryPoint\",\"urlTemplate\":\"https:\/\/yrigoyen.uno\/?s={search_term_string}\"},\"query-input\":{\"@type\":\"PropertyValueSpecification\",\"valueRequired\":true,\"valueName\":\"search_term_string\"}}],\"inLanguage\":\"es-AR\"},{\"@type\":\"Person\",\"@id\":\"https:\/\/yrigoyen.uno\/#\/schema\/person\/49c82eb5efe3874840bdd689cbcea650\",\"name\":\"admin\",\"image\":{\"@type\":\"ImageObject\",\"inLanguage\":\"es-AR\",\"@id\":\"https:\/\/yrigoyen.uno\/#\/schema\/person\/image\/\",\"url\":\"https:\/\/secure.gravatar.com\/avatar\/988cc68d97727f2265e15e4e04f35d45d93f5493d81192c37b6fcdf6407dba8c?s=96&d=mm&r=g\",\"contentUrl\":\"https:\/\/secure.gravatar.com\/avatar\/988cc68d97727f2265e15e4e04f35d45d93f5493d81192c37b6fcdf6407dba8c?s=96&d=mm&r=g\",\"caption\":\"admin\"},\"sameAs\":[\"http:\/\/yrigoyen.uno\"],\"url\":\"https:\/\/yrigoyen.uno\/index.php\/author\/admin\/\"}]}<\/script>\n<!-- \/ Yoast SEO plugin. -->","yoast_head_json":{"title":"HIP\u00d3LITO YRIGOYEN: Inauguraci\u00f3n del nuevo edificio del NENI 2126 Ext. Esc. N\u00b0 263 - Hip\u00f3lito Yrigoyen .UNO - Red Misiones.uno","robots":{"index":"index","follow":"follow","max-snippet":"max-snippet:-1","max-image-preview":"max-image-preview:large","max-video-preview":"max-video-preview:-1"},"canonical":"https:\/\/yrigoyen.uno\/index.php\/2026\/02\/08\/hipolito-yrigoyen-inauguracion-del-nuevo-edificio-del-neni-2126-ext-esc-n-263\/","og_locale":"es_ES","og_type":"article","og_title":"HIP\u00d3LITO YRIGOYEN: Inauguraci\u00f3n del nuevo edificio del NENI 2126 Ext. Esc. N\u00b0 263 - Hip\u00f3lito Yrigoyen .UNO - Red Misiones.uno","og_description":"MISIONES.UNO | La comunidad de Hip\u00f3lito Yrigoyen celebr\u00f3 la inauguraci\u00f3n [...]","og_url":"https:\/\/yrigoyen.uno\/index.php\/2026\/02\/08\/hipolito-yrigoyen-inauguracion-del-nuevo-edificio-del-neni-2126-ext-esc-n-263\/","og_site_name":"Hip\u00f3lito Yrigoyen .UNO - Red Misiones.uno","article_published_time":"2026-02-08T18:02:59+00:00","author":"admin","twitter_card":"summary_large_image","twitter_misc":{"Escrito por":"admin","Tiempo de lectura":"1 minuto"},"schema":{"@context":"https:\/\/schema.org","@graph":[{"@type":"Article","@id":"https:\/\/yrigoyen.uno\/index.php\/2026\/02\/08\/hipolito-yrigoyen-inauguracion-del-nuevo-edificio-del-neni-2126-ext-esc-n-263\/#article","isPartOf":{"@id":"https:\/\/yrigoyen.uno\/index.php\/2026\/02\/08\/hipolito-yrigoyen-inauguracion-del-nuevo-edificio-del-neni-2126-ext-esc-n-263\/"},"author":{"name":"admin","@id":"https:\/\/yrigoyen.uno\/#\/schema\/person\/49c82eb5efe3874840bdd689cbcea650"},"headline":"HIP\u00d3LITO YRIGOYEN: Inauguraci\u00f3n del nuevo edificio del NENI 2126 Ext. Esc. N\u00b0 263","datePublished":"2026-02-08T18:02:59+00:00","mainEntityOfPage":{"@id":"https:\/\/yrigoyen.uno\/index.php\/2026\/02\/08\/hipolito-yrigoyen-inauguracion-del-nuevo-edificio-del-neni-2126-ext-esc-n-263\/"},"wordCount":283,"image":{"@id":"https:\/\/yrigoyen.uno\/index.php\/2026\/02\/08\/hipolito-yrigoyen-inauguracion-del-nuevo-edificio-del-neni-2126-ext-esc-n-263\/#primaryimage"},"thumbnailUrl":"https:\/\/yrigoyen.uno\/wp-content\/uploads\/2026\/02\/MASTER-FOTO-ESC.jpg","articleSection":["Educaci\u00f3n","H. Yrigoyen"],"inLanguage":"es-AR"},{"@type":"WebPage","@id":"https:\/\/yrigoyen.uno\/index.php\/2026\/02\/08\/hipolito-yrigoyen-inauguracion-del-nuevo-edificio-del-neni-2126-ext-esc-n-263\/","url":"https:\/\/yrigoyen.uno\/index.php\/2026\/02\/08\/hipolito-yrigoyen-inauguracion-del-nuevo-edificio-del-neni-2126-ext-esc-n-263\/","name":"HIP\u00d3LITO YRIGOYEN: Inauguraci\u00f3n del nuevo edificio del NENI 2126 Ext. Esc. N\u00b0 263 - Hip\u00f3lito Yrigoyen .UNO - Red Misiones.uno","isPartOf":{"@id":"https:\/\/yrigoyen.uno\/#website"},"primaryImageOfPage":{"@id":"https:\/\/yrigoyen.uno\/index.php\/2026\/02\/08\/hipolito-yrigoyen-inauguracion-del-nuevo-edificio-del-neni-2126-ext-esc-n-263\/#primaryimage"},"image":{"@id":"https:\/\/yrigoyen.uno\/index.php\/2026\/02\/08\/hipolito-yrigoyen-inauguracion-del-nuevo-edificio-del-neni-2126-ext-esc-n-263\/#primaryimage"},"thumbnailUrl":"https:\/\/yrigoyen.uno\/wp-content\/uploads\/2026\/02\/MASTER-FOTO-ESC.jpg","datePublished":"2026-02-08T18:02:59+00:00","author":{"@id":"https:\/\/yrigoyen.uno\/#\/schema\/person\/49c82eb5efe3874840bdd689cbcea650"},"breadcrumb":{"@id":"https:\/\/yrigoyen.uno\/index.php\/2026\/02\/08\/hipolito-yrigoyen-inauguracion-del-nuevo-edificio-del-neni-2126-ext-esc-n-263\/#breadcrumb"},"inLanguage":"es-AR","potentialAction":[{"@type":"ReadAction","target":["https:\/\/yrigoyen.uno\/index.php\/2026\/02\/08\/hipolito-yrigoyen-inauguracion-del-nuevo-edificio-del-neni-2126-ext-esc-n-263\/"]}]},{"@type":"ImageObject","inLanguage":"es-AR","@id":"https:\/\/yrigoyen.uno\/index.php\/2026\/02\/08\/hipolito-yrigoyen-inauguracion-del-nuevo-edificio-del-neni-2126-ext-esc-n-263\/#primaryimage","url":"https:\/\/yrigoyen.uno\/wp-content\/uploads\/2026\/02\/MASTER-FOTO-ESC.jpg","contentUrl":"https:\/\/yrigoyen.uno\/wp-content\/uploads\/2026\/02\/MASTER-FOTO-ESC.jpg","width":640,"height":800},{"@type":"BreadcrumbList","@id":"https:\/\/yrigoyen.uno\/index.php\/2026\/02\/08\/hipolito-yrigoyen-inauguracion-del-nuevo-edificio-del-neni-2126-ext-esc-n-263\/#breadcrumb","itemListElement":[{"@type":"ListItem","position":1,"name":"Inicio","item":"https:\/\/yrigoyen.uno\/"},{"@type":"ListItem","position":2,"name":"HIP\u00d3LITO YRIGOYEN: Inauguraci\u00f3n del nuevo edificio del NENI 2126 Ext. Esc. N\u00b0 263"}]},{"@type":"WebSite","@id":"https:\/\/yrigoyen.uno\/#website","url":"https:\/\/yrigoyen.uno\/","name":"Hip\u00f3lito Yrigoyen .UNO - Red Misiones.uno","description":"Noticias de Hip\u00f3lito Yrigoyen","potentialAction":[{"@type":"SearchAction","target":{"@type":"EntryPoint","urlTemplate":"https:\/\/yrigoyen.uno\/?s={search_term_string}"},"query-input":{"@type":"PropertyValueSpecification","valueRequired":true,"valueName":"search_term_string"}}],"inLanguage":"es-AR"},{"@type":"Person","@id":"https:\/\/yrigoyen.uno\/#\/schema\/person\/49c82eb5efe3874840bdd689cbcea650","name":"admin","image":{"@type":"ImageObject","inLanguage":"es-AR","@id":"https:\/\/yrigoyen.uno\/#\/schema\/person\/image\/","url":"https:\/\/secure.gravatar.com\/avatar\/988cc68d97727f2265e15e4e04f35d45d93f5493d81192c37b6fcdf6407dba8c?s=96&d=mm&r=g","contentUrl":"https:\/\/secure.gravatar.com\/avatar\/988cc68d97727f2265e15e4e04f35d45d93f5493d81192c37b6fcdf6407dba8c?s=96&d=mm&r=g","caption":"admin"},"sameAs":["http:\/\/yrigoyen.uno"],"url":"https:\/\/yrigoyen.uno\/index.php\/author\/admin\/"}]}},"_links":{"self":[{"href":"https:\/\/yrigoyen.uno\/index.php\/wp-json\/wp\/v2\/posts\/830","targetHints":{"allow":["GET"]}}],"collection":[{"href":"https:\/\/yrigoyen.uno\/index.php\/wp-json\/wp\/v2\/posts"}],"about":[{"href":"https:\/\/yrigoyen.uno\/index.php\/wp-json\/wp\/v2\/types\/post"}],"author":[{"embeddable":true,"href":"https:\/\/yrigoyen.uno\/index.php\/wp-json\/wp\/v2\/users\/1"}],"replies":[{"embeddable":true,"href":"https:\/\/yrigoyen.uno\/index.php\/wp-json\/wp\/v2\/comments?post=830"}],"version-history":[{"count":0,"href":"https:\/\/yrigoyen.uno\/index.php\/wp-json\/wp\/v2\/posts\/830\/revisions"}],"wp:featuredmedia":[{"embeddable":true,"href":"https:\/\/yrigoyen.uno\/index.php\/wp-json\/wp\/v2\/media\/831"}],"wp:attachment":[{"href":"https:\/\/yrigoyen.uno\/index.php\/wp-json\/wp\/v2\/media?parent=830"}],"wp:term":[{"taxonomy":"category","embeddable":true,"href":"https:\/\/yrigoyen.uno\/index.php\/wp-json\/wp\/v2\/categories?post=830"},{"taxonomy":"post_tag","embeddable":true,"href":"https:\/\/yrigoyen.uno\/index.php\/wp-json\/wp\/v2\/tags?post=830"}],"curies":[{"name":"wp","href":"https:\/\/api.w.org\/{rel}","templated":true}]}}