{"id":968,"date":"2026-04-04T13:42:34","date_gmt":"2026-04-04T16:42:34","guid":{"rendered":"https:\/\/yrigoyen.uno\/index.php\/2026\/04\/04\/jardin-america-el-via-crucis-de-la-selva-convoco-a-vecinos-y-turistas-en-los-saltos-del-tabay\/"},"modified":"2026-04-04T13:42:34","modified_gmt":"2026-04-04T16:42:34","slug":"jardin-america-el-via-crucis-de-la-selva-convoco-a-vecinos-y-turistas-en-los-saltos-del-tabay","status":"publish","type":"post","link":"https:\/\/yrigoyen.uno\/index.php\/2026\/04\/04\/jardin-america-el-via-crucis-de-la-selva-convoco-a-vecinos-y-turistas-en-los-saltos-del-tabay\/","title":{"rendered":"Jard\u00edn Am\u00e9rica: el V\u00eda Crucis de la Selva convoc\u00f3 a vecinos y turistas en los Saltos del Tabay"},"content":{"rendered":"<div>\n<div>\n<p><strong>AGENCIA MISIONES.UNO | La Municipalidad de Jard\u00edn Am\u00e9rica particip\u00f3 de una nueva edici\u00f3n del V\u00eda Crucis de la Selva, realizada en el Parque Municipal de los Saltos del Tabay, con una amplia convocatoria de vecinos y turistas.<\/strong><\/p>\n<p>La actividad se desarroll\u00f3 en un entorno natural \u00fanico, donde el paisaje de la selva misionera se convirti\u00f3 en escenario de un recorrido cargado de fe y reflexi\u00f3n, consolid\u00e1ndose como una propuesta que cada a\u00f1o suma m\u00e1s participaci\u00f3n.<\/p>\n<p>Durante la jornada, los asistentes compartieron una experiencia espiritual en contacto con la naturaleza, fortaleciendo los lazos comunitarios en una fecha significativa del calendario religioso.<\/p>\n<p>El evento fue organizado por la Parroquia Cristo Redentor en conjunto con el municipio, promoviendo el encuentro, la espiritualidad y la continuidad de las tradiciones locales.<\/p>\n<p><img decoding=\"async\" class=\"aligncenter size-full wp-image-6283\" src=\"https:\/\/yrigoyen.uno\/wp-content\/uploads\/2026\/04\/JARDIN5.jpg\" sizes=\"(max-width: 640px) 100vw, 640px\" srcset=\"https:\/\/agenciamisiones.uno\/wp-content\/uploads\/2026\/04\/JARDIN5-200x267.jpg 200w, https:\/\/agenciamisiones.uno\/wp-content\/uploads\/2026\/04\/JARDIN5-225x300.jpg 225w, https:\/\/agenciamisiones.uno\/wp-content\/uploads\/2026\/04\/JARDIN5-400x533.jpg 400w, https:\/\/agenciamisiones.uno\/wp-content\/uploads\/2026\/04\/JARDIN5-600x800.jpg 600w, https:\/\/yrigoyen.uno\/wp-content\/uploads\/2026\/04\/JARDIN5.jpg 640w\" alt=\"\" width=\"640\" height=\"853\"> <img decoding=\"async\" class=\"aligncenter size-full wp-image-6284\" src=\"https:\/\/yrigoyen.uno\/wp-content\/uploads\/2026\/04\/jardin4.jpg\" sizes=\"(max-width: 640px) 100vw, 640px\" srcset=\"https:\/\/agenciamisiones.uno\/wp-content\/uploads\/2026\/04\/jardin4-200x267.jpg 200w, https:\/\/agenciamisiones.uno\/wp-content\/uploads\/2026\/04\/jardin4-225x300.jpg 225w, https:\/\/agenciamisiones.uno\/wp-content\/uploads\/2026\/04\/jardin4-400x533.jpg 400w, https:\/\/agenciamisiones.uno\/wp-content\/uploads\/2026\/04\/jardin4-600x800.jpg 600w, https:\/\/yrigoyen.uno\/wp-content\/uploads\/2026\/04\/jardin4.jpg 640w\" alt=\"\" width=\"640\" height=\"853\"> <img decoding=\"async\" class=\"aligncenter size-full wp-image-6285\" src=\"https:\/\/yrigoyen.uno\/wp-content\/uploads\/2026\/04\/jardin3.jpg\" sizes=\"(max-width: 640px) 100vw, 640px\" srcset=\"https:\/\/agenciamisiones.uno\/wp-content\/uploads\/2026\/04\/jardin3-200x267.jpg 200w, https:\/\/agenciamisiones.uno\/wp-content\/uploads\/2026\/04\/jardin3-225x300.jpg 225w, https:\/\/agenciamisiones.uno\/wp-content\/uploads\/2026\/04\/jardin3-400x533.jpg 400w, https:\/\/agenciamisiones.uno\/wp-content\/uploads\/2026\/04\/jardin3-600x800.jpg 600w, https:\/\/yrigoyen.uno\/wp-content\/uploads\/2026\/04\/jardin3.jpg 640w\" alt=\"\" width=\"640\" height=\"853\"> <img decoding=\"async\" class=\"aligncenter size-full wp-image-6286\" src=\"https:\/\/yrigoyen.uno\/wp-content\/uploads\/2026\/04\/jardin2.jpg\" sizes=\"(max-width: 640px) 100vw, 640px\" srcset=\"https:\/\/agenciamisiones.uno\/wp-content\/uploads\/2026\/04\/jardin2-200x267.jpg 200w, https:\/\/agenciamisiones.uno\/wp-content\/uploads\/2026\/04\/jardin2-225x300.jpg 225w, https:\/\/agenciamisiones.uno\/wp-content\/uploads\/2026\/04\/jardin2-400x533.jpg 400w, https:\/\/agenciamisiones.uno\/wp-content\/uploads\/2026\/04\/jardin2-600x800.jpg 600w, https:\/\/yrigoyen.uno\/wp-content\/uploads\/2026\/04\/jardin2.jpg 640w\" alt=\"\" width=\"640\" height=\"853\"> <img decoding=\"async\" class=\"aligncenter size-full wp-image-6287\" src=\"https:\/\/yrigoyen.uno\/wp-content\/uploads\/2026\/04\/jardin1.jpg\" sizes=\"(max-width: 640px) 100vw, 640px\" srcset=\"https:\/\/agenciamisiones.uno\/wp-content\/uploads\/2026\/04\/jardin1-200x267.jpg 200w, https:\/\/agenciamisiones.uno\/wp-content\/uploads\/2026\/04\/jardin1-225x300.jpg 225w, https:\/\/agenciamisiones.uno\/wp-content\/uploads\/2026\/04\/jardin1-400x533.jpg 400w, https:\/\/agenciamisiones.uno\/wp-content\/uploads\/2026\/04\/jardin1-600x800.jpg 600w, https:\/\/yrigoyen.uno\/wp-content\/uploads\/2026\/04\/jardin1.jpg 640w\" alt=\"\" width=\"640\" height=\"853\"><\/p>\n<p>Fuente: <a href=\"https:\/\/agenciamisiones.uno\/\">Agencia Misiones.uno<\/a>.<\/p>\n<\/div>\n<\/div>\n","protected":false},"excerpt":{"rendered":"<p>AGENCIA MISIONES.UNO | La Municipalidad de Jard\u00edn Am\u00e9rica particip\u00f3 de  [&#8230;]<\/p>\n","protected":false},"author":1,"featured_media":969,"comment_status":"closed","ping_status":"closed","sticky":false,"template":"","format":"standard","meta":{"fifu_image_url":"","fifu_image_alt":"","footnotes":""},"categories":[135,129,37,123],"tags":[],"class_list":["post-968","post","type-post","status-publish","format-standard","has-post-thumbnail","hentry","category-gobiernos-municipales","category-informacion-general","category-jardin-america","category-red-san-ignacio"],"acf":[],"yoast_head":"<!-- This site is optimized with the Yoast SEO plugin v26.9 - https:\/\/yoast.com\/product\/yoast-seo-wordpress\/ -->\n<title>Jard\u00edn Am\u00e9rica: el V\u00eda Crucis de la Selva convoc\u00f3 a vecinos y turistas en los Saltos del Tabay - Hip\u00f3lito Yrigoyen .UNO - Red Misiones.uno<\/title>\n<meta name=\"robots\" content=\"index, follow, max-snippet:-1, max-image-preview:large, max-video-preview:-1\" \/>\n<link rel=\"canonical\" href=\"https:\/\/yrigoyen.uno\/index.php\/2026\/04\/04\/jardin-america-el-via-crucis-de-la-selva-convoco-a-vecinos-y-turistas-en-los-saltos-del-tabay\/\" \/>\n<meta property=\"og:locale\" content=\"es_ES\" \/>\n<meta property=\"og:type\" content=\"article\" \/>\n<meta property=\"og:title\" content=\"Jard\u00edn Am\u00e9rica: el V\u00eda Crucis de la Selva convoc\u00f3 a vecinos y turistas en los Saltos del Tabay - Hip\u00f3lito Yrigoyen .UNO - Red Misiones.uno\" \/>\n<meta property=\"og:description\" content=\"AGENCIA MISIONES.UNO | La Municipalidad de Jard\u00edn Am\u00e9rica particip\u00f3 de [...]\" \/>\n<meta property=\"og:url\" content=\"https:\/\/yrigoyen.uno\/index.php\/2026\/04\/04\/jardin-america-el-via-crucis-de-la-selva-convoco-a-vecinos-y-turistas-en-los-saltos-del-tabay\/\" \/>\n<meta property=\"og:site_name\" content=\"Hip\u00f3lito Yrigoyen .UNO - Red Misiones.uno\" \/>\n<meta property=\"article:published_time\" content=\"2026-04-04T16:42:34+00:00\" \/>\n<meta name=\"author\" content=\"admin\" \/>\n<meta name=\"twitter:card\" content=\"summary_large_image\" \/>\n<meta name=\"twitter:label1\" content=\"Escrito por\" \/>\n\t<meta name=\"twitter:data1\" content=\"admin\" \/>\n\t<meta name=\"twitter:label2\" content=\"Tiempo de lectura\" \/>\n\t<meta name=\"twitter:data2\" content=\"1 minuto\" \/>\n<script type=\"application\/ld+json\" class=\"yoast-schema-graph\">{\"@context\":\"https:\/\/schema.org\",\"@graph\":[{\"@type\":\"Article\",\"@id\":\"https:\/\/yrigoyen.uno\/index.php\/2026\/04\/04\/jardin-america-el-via-crucis-de-la-selva-convoco-a-vecinos-y-turistas-en-los-saltos-del-tabay\/#article\",\"isPartOf\":{\"@id\":\"https:\/\/yrigoyen.uno\/index.php\/2026\/04\/04\/jardin-america-el-via-crucis-de-la-selva-convoco-a-vecinos-y-turistas-en-los-saltos-del-tabay\/\"},\"author\":{\"name\":\"admin\",\"@id\":\"https:\/\/yrigoyen.uno\/#\/schema\/person\/49c82eb5efe3874840bdd689cbcea650\"},\"headline\":\"Jard\u00edn Am\u00e9rica: el V\u00eda Crucis de la Selva convoc\u00f3 a vecinos y turistas en los Saltos del Tabay\",\"datePublished\":\"2026-04-04T16:42:34+00:00\",\"mainEntityOfPage\":{\"@id\":\"https:\/\/yrigoyen.uno\/index.php\/2026\/04\/04\/jardin-america-el-via-crucis-de-la-selva-convoco-a-vecinos-y-turistas-en-los-saltos-del-tabay\/\"},\"wordCount\":160,\"image\":{\"@id\":\"https:\/\/yrigoyen.uno\/index.php\/2026\/04\/04\/jardin-america-el-via-crucis-de-la-selva-convoco-a-vecinos-y-turistas-en-los-saltos-del-tabay\/#primaryimage\"},\"thumbnailUrl\":\"https:\/\/yrigoyen.uno\/wp-content\/uploads\/2026\/04\/jardin10.jpg\",\"articleSection\":[\"Gobiernos Municipales\",\"Informaci\u00f3n General\",\"Jard\u00edn Am\u00e9rica\",\"Red San Ignacio\"],\"inLanguage\":\"es-AR\"},{\"@type\":\"WebPage\",\"@id\":\"https:\/\/yrigoyen.uno\/index.php\/2026\/04\/04\/jardin-america-el-via-crucis-de-la-selva-convoco-a-vecinos-y-turistas-en-los-saltos-del-tabay\/\",\"url\":\"https:\/\/yrigoyen.uno\/index.php\/2026\/04\/04\/jardin-america-el-via-crucis-de-la-selva-convoco-a-vecinos-y-turistas-en-los-saltos-del-tabay\/\",\"name\":\"Jard\u00edn Am\u00e9rica: el V\u00eda Crucis de la Selva convoc\u00f3 a vecinos y turistas en los Saltos del Tabay - Hip\u00f3lito Yrigoyen .UNO - Red Misiones.uno\",\"isPartOf\":{\"@id\":\"https:\/\/yrigoyen.uno\/#website\"},\"primaryImageOfPage\":{\"@id\":\"https:\/\/yrigoyen.uno\/index.php\/2026\/04\/04\/jardin-america-el-via-crucis-de-la-selva-convoco-a-vecinos-y-turistas-en-los-saltos-del-tabay\/#primaryimage\"},\"image\":{\"@id\":\"https:\/\/yrigoyen.uno\/index.php\/2026\/04\/04\/jardin-america-el-via-crucis-de-la-selva-convoco-a-vecinos-y-turistas-en-los-saltos-del-tabay\/#primaryimage\"},\"thumbnailUrl\":\"https:\/\/yrigoyen.uno\/wp-content\/uploads\/2026\/04\/jardin10.jpg\",\"datePublished\":\"2026-04-04T16:42:34+00:00\",\"author\":{\"@id\":\"https:\/\/yrigoyen.uno\/#\/schema\/person\/49c82eb5efe3874840bdd689cbcea650\"},\"breadcrumb\":{\"@id\":\"https:\/\/yrigoyen.uno\/index.php\/2026\/04\/04\/jardin-america-el-via-crucis-de-la-selva-convoco-a-vecinos-y-turistas-en-los-saltos-del-tabay\/#breadcrumb\"},\"inLanguage\":\"es-AR\",\"potentialAction\":[{\"@type\":\"ReadAction\",\"target\":[\"https:\/\/yrigoyen.uno\/index.php\/2026\/04\/04\/jardin-america-el-via-crucis-de-la-selva-convoco-a-vecinos-y-turistas-en-los-saltos-del-tabay\/\"]}]},{\"@type\":\"ImageObject\",\"inLanguage\":\"es-AR\",\"@id\":\"https:\/\/yrigoyen.uno\/index.php\/2026\/04\/04\/jardin-america-el-via-crucis-de-la-selva-convoco-a-vecinos-y-turistas-en-los-saltos-del-tabay\/#primaryimage\",\"url\":\"https:\/\/yrigoyen.uno\/wp-content\/uploads\/2026\/04\/jardin10.jpg\",\"contentUrl\":\"https:\/\/yrigoyen.uno\/wp-content\/uploads\/2026\/04\/jardin10.jpg\",\"width\":640,\"height\":853},{\"@type\":\"BreadcrumbList\",\"@id\":\"https:\/\/yrigoyen.uno\/index.php\/2026\/04\/04\/jardin-america-el-via-crucis-de-la-selva-convoco-a-vecinos-y-turistas-en-los-saltos-del-tabay\/#breadcrumb\",\"itemListElement\":[{\"@type\":\"ListItem\",\"position\":1,\"name\":\"Inicio\",\"item\":\"https:\/\/yrigoyen.uno\/\"},{\"@type\":\"ListItem\",\"position\":2,\"name\":\"Jard\u00edn Am\u00e9rica: el V\u00eda Crucis de la Selva convoc\u00f3 a vecinos y turistas en los Saltos del Tabay\"}]},{\"@type\":\"WebSite\",\"@id\":\"https:\/\/yrigoyen.uno\/#website\",\"url\":\"https:\/\/yrigoyen.uno\/\",\"name\":\"Hip\u00f3lito Yrigoyen .UNO - Red Misiones.uno\",\"description\":\"Noticias de Hip\u00f3lito Yrigoyen\",\"potentialAction\":[{\"@type\":\"SearchAction\",\"target\":{\"@type\":\"EntryPoint\",\"urlTemplate\":\"https:\/\/yrigoyen.uno\/?s={search_term_string}\"},\"query-input\":{\"@type\":\"PropertyValueSpecification\",\"valueRequired\":true,\"valueName\":\"search_term_string\"}}],\"inLanguage\":\"es-AR\"},{\"@type\":\"Person\",\"@id\":\"https:\/\/yrigoyen.uno\/#\/schema\/person\/49c82eb5efe3874840bdd689cbcea650\",\"name\":\"admin\",\"image\":{\"@type\":\"ImageObject\",\"inLanguage\":\"es-AR\",\"@id\":\"https:\/\/yrigoyen.uno\/#\/schema\/person\/image\/\",\"url\":\"https:\/\/secure.gravatar.com\/avatar\/988cc68d97727f2265e15e4e04f35d45d93f5493d81192c37b6fcdf6407dba8c?s=96&d=mm&r=g\",\"contentUrl\":\"https:\/\/secure.gravatar.com\/avatar\/988cc68d97727f2265e15e4e04f35d45d93f5493d81192c37b6fcdf6407dba8c?s=96&d=mm&r=g\",\"caption\":\"admin\"},\"sameAs\":[\"http:\/\/yrigoyen.uno\"],\"url\":\"https:\/\/yrigoyen.uno\/index.php\/author\/admin\/\"}]}<\/script>\n<!-- \/ Yoast SEO plugin. -->","yoast_head_json":{"title":"Jard\u00edn Am\u00e9rica: el V\u00eda Crucis de la Selva convoc\u00f3 a vecinos y turistas en los Saltos del Tabay - Hip\u00f3lito Yrigoyen .UNO - Red Misiones.uno","robots":{"index":"index","follow":"follow","max-snippet":"max-snippet:-1","max-image-preview":"max-image-preview:large","max-video-preview":"max-video-preview:-1"},"canonical":"https:\/\/yrigoyen.uno\/index.php\/2026\/04\/04\/jardin-america-el-via-crucis-de-la-selva-convoco-a-vecinos-y-turistas-en-los-saltos-del-tabay\/","og_locale":"es_ES","og_type":"article","og_title":"Jard\u00edn Am\u00e9rica: el V\u00eda Crucis de la Selva convoc\u00f3 a vecinos y turistas en los Saltos del Tabay - Hip\u00f3lito Yrigoyen .UNO - Red Misiones.uno","og_description":"AGENCIA MISIONES.UNO | La Municipalidad de Jard\u00edn Am\u00e9rica particip\u00f3 de [...]","og_url":"https:\/\/yrigoyen.uno\/index.php\/2026\/04\/04\/jardin-america-el-via-crucis-de-la-selva-convoco-a-vecinos-y-turistas-en-los-saltos-del-tabay\/","og_site_name":"Hip\u00f3lito Yrigoyen .UNO - Red Misiones.uno","article_published_time":"2026-04-04T16:42:34+00:00","author":"admin","twitter_card":"summary_large_image","twitter_misc":{"Escrito por":"admin","Tiempo de lectura":"1 minuto"},"schema":{"@context":"https:\/\/schema.org","@graph":[{"@type":"Article","@id":"https:\/\/yrigoyen.uno\/index.php\/2026\/04\/04\/jardin-america-el-via-crucis-de-la-selva-convoco-a-vecinos-y-turistas-en-los-saltos-del-tabay\/#article","isPartOf":{"@id":"https:\/\/yrigoyen.uno\/index.php\/2026\/04\/04\/jardin-america-el-via-crucis-de-la-selva-convoco-a-vecinos-y-turistas-en-los-saltos-del-tabay\/"},"author":{"name":"admin","@id":"https:\/\/yrigoyen.uno\/#\/schema\/person\/49c82eb5efe3874840bdd689cbcea650"},"headline":"Jard\u00edn Am\u00e9rica: el V\u00eda Crucis de la Selva convoc\u00f3 a vecinos y turistas en los Saltos del Tabay","datePublished":"2026-04-04T16:42:34+00:00","mainEntityOfPage":{"@id":"https:\/\/yrigoyen.uno\/index.php\/2026\/04\/04\/jardin-america-el-via-crucis-de-la-selva-convoco-a-vecinos-y-turistas-en-los-saltos-del-tabay\/"},"wordCount":160,"image":{"@id":"https:\/\/yrigoyen.uno\/index.php\/2026\/04\/04\/jardin-america-el-via-crucis-de-la-selva-convoco-a-vecinos-y-turistas-en-los-saltos-del-tabay\/#primaryimage"},"thumbnailUrl":"https:\/\/yrigoyen.uno\/wp-content\/uploads\/2026\/04\/jardin10.jpg","articleSection":["Gobiernos Municipales","Informaci\u00f3n General","Jard\u00edn Am\u00e9rica","Red San Ignacio"],"inLanguage":"es-AR"},{"@type":"WebPage","@id":"https:\/\/yrigoyen.uno\/index.php\/2026\/04\/04\/jardin-america-el-via-crucis-de-la-selva-convoco-a-vecinos-y-turistas-en-los-saltos-del-tabay\/","url":"https:\/\/yrigoyen.uno\/index.php\/2026\/04\/04\/jardin-america-el-via-crucis-de-la-selva-convoco-a-vecinos-y-turistas-en-los-saltos-del-tabay\/","name":"Jard\u00edn Am\u00e9rica: el V\u00eda Crucis de la Selva convoc\u00f3 a vecinos y turistas en los Saltos del Tabay - Hip\u00f3lito Yrigoyen .UNO - Red Misiones.uno","isPartOf":{"@id":"https:\/\/yrigoyen.uno\/#website"},"primaryImageOfPage":{"@id":"https:\/\/yrigoyen.uno\/index.php\/2026\/04\/04\/jardin-america-el-via-crucis-de-la-selva-convoco-a-vecinos-y-turistas-en-los-saltos-del-tabay\/#primaryimage"},"image":{"@id":"https:\/\/yrigoyen.uno\/index.php\/2026\/04\/04\/jardin-america-el-via-crucis-de-la-selva-convoco-a-vecinos-y-turistas-en-los-saltos-del-tabay\/#primaryimage"},"thumbnailUrl":"https:\/\/yrigoyen.uno\/wp-content\/uploads\/2026\/04\/jardin10.jpg","datePublished":"2026-04-04T16:42:34+00:00","author":{"@id":"https:\/\/yrigoyen.uno\/#\/schema\/person\/49c82eb5efe3874840bdd689cbcea650"},"breadcrumb":{"@id":"https:\/\/yrigoyen.uno\/index.php\/2026\/04\/04\/jardin-america-el-via-crucis-de-la-selva-convoco-a-vecinos-y-turistas-en-los-saltos-del-tabay\/#breadcrumb"},"inLanguage":"es-AR","potentialAction":[{"@type":"ReadAction","target":["https:\/\/yrigoyen.uno\/index.php\/2026\/04\/04\/jardin-america-el-via-crucis-de-la-selva-convoco-a-vecinos-y-turistas-en-los-saltos-del-tabay\/"]}]},{"@type":"ImageObject","inLanguage":"es-AR","@id":"https:\/\/yrigoyen.uno\/index.php\/2026\/04\/04\/jardin-america-el-via-crucis-de-la-selva-convoco-a-vecinos-y-turistas-en-los-saltos-del-tabay\/#primaryimage","url":"https:\/\/yrigoyen.uno\/wp-content\/uploads\/2026\/04\/jardin10.jpg","contentUrl":"https:\/\/yrigoyen.uno\/wp-content\/uploads\/2026\/04\/jardin10.jpg","width":640,"height":853},{"@type":"BreadcrumbList","@id":"https:\/\/yrigoyen.uno\/index.php\/2026\/04\/04\/jardin-america-el-via-crucis-de-la-selva-convoco-a-vecinos-y-turistas-en-los-saltos-del-tabay\/#breadcrumb","itemListElement":[{"@type":"ListItem","position":1,"name":"Inicio","item":"https:\/\/yrigoyen.uno\/"},{"@type":"ListItem","position":2,"name":"Jard\u00edn Am\u00e9rica: el V\u00eda Crucis de la Selva convoc\u00f3 a vecinos y turistas en los Saltos del Tabay"}]},{"@type":"WebSite","@id":"https:\/\/yrigoyen.uno\/#website","url":"https:\/\/yrigoyen.uno\/","name":"Hip\u00f3lito Yrigoyen .UNO - Red Misiones.uno","description":"Noticias de Hip\u00f3lito Yrigoyen","potentialAction":[{"@type":"SearchAction","target":{"@type":"EntryPoint","urlTemplate":"https:\/\/yrigoyen.uno\/?s={search_term_string}"},"query-input":{"@type":"PropertyValueSpecification","valueRequired":true,"valueName":"search_term_string"}}],"inLanguage":"es-AR"},{"@type":"Person","@id":"https:\/\/yrigoyen.uno\/#\/schema\/person\/49c82eb5efe3874840bdd689cbcea650","name":"admin","image":{"@type":"ImageObject","inLanguage":"es-AR","@id":"https:\/\/yrigoyen.uno\/#\/schema\/person\/image\/","url":"https:\/\/secure.gravatar.com\/avatar\/988cc68d97727f2265e15e4e04f35d45d93f5493d81192c37b6fcdf6407dba8c?s=96&d=mm&r=g","contentUrl":"https:\/\/secure.gravatar.com\/avatar\/988cc68d97727f2265e15e4e04f35d45d93f5493d81192c37b6fcdf6407dba8c?s=96&d=mm&r=g","caption":"admin"},"sameAs":["http:\/\/yrigoyen.uno"],"url":"https:\/\/yrigoyen.uno\/index.php\/author\/admin\/"}]}},"_links":{"self":[{"href":"https:\/\/yrigoyen.uno\/index.php\/wp-json\/wp\/v2\/posts\/968","targetHints":{"allow":["GET"]}}],"collection":[{"href":"https:\/\/yrigoyen.uno\/index.php\/wp-json\/wp\/v2\/posts"}],"about":[{"href":"https:\/\/yrigoyen.uno\/index.php\/wp-json\/wp\/v2\/types\/post"}],"author":[{"embeddable":true,"href":"https:\/\/yrigoyen.uno\/index.php\/wp-json\/wp\/v2\/users\/1"}],"replies":[{"embeddable":true,"href":"https:\/\/yrigoyen.uno\/index.php\/wp-json\/wp\/v2\/comments?post=968"}],"version-history":[{"count":0,"href":"https:\/\/yrigoyen.uno\/index.php\/wp-json\/wp\/v2\/posts\/968\/revisions"}],"wp:featuredmedia":[{"embeddable":true,"href":"https:\/\/yrigoyen.uno\/index.php\/wp-json\/wp\/v2\/media\/969"}],"wp:attachment":[{"href":"https:\/\/yrigoyen.uno\/index.php\/wp-json\/wp\/v2\/media?parent=968"}],"wp:term":[{"taxonomy":"category","embeddable":true,"href":"https:\/\/yrigoyen.uno\/index.php\/wp-json\/wp\/v2\/categories?post=968"},{"taxonomy":"post_tag","embeddable":true,"href":"https:\/\/yrigoyen.uno\/index.php\/wp-json\/wp\/v2\/tags?post=968"}],"curies":[{"name":"wp","href":"https:\/\/api.w.org\/{rel}","templated":true}]}}